{"id":5663,"date":"2025-10-14T15:09:07","date_gmt":"2025-10-14T13:09:07","guid":{"rendered":"https:\/\/spda-alicante.com\/wp\/?p=5663"},"modified":"2026-01-26T09:37:21","modified_gmt":"2026-01-26T08:37:21","slug":"el-spda-reclama-la-convocatoria-urgente-de-las-plazas-de-educador-social-en-diputacion-de-alicante","status":"publish","type":"post","link":"https:\/\/spda-alicante.com\/wp\/2025\/10\/el-spda-reclama-la-convocatoria-urgente-de-las-plazas-de-educador-social-en-diputacion-de-alicante\/","title":{"rendered":"El SPDA reclama la convocatoria urgente de las plazas de Educador Social en Diputaci\u00f3n de Alicante"},"content":{"rendered":"<p>El <strong>Sindicato Profesional de Trabajadores (SPDA)<\/strong> ha presentado un escrito ante la <strong>Diputaci\u00f3n de Alicante<\/strong> solicitando la <strong>convocatoria urgente de las plazas de Educador Social<\/strong> pendientes entre las ofertas p\u00fablicas de empleo de <strong>2022, 2023 y 2025<\/strong>.<\/p>\n<p><!--more--><\/p>\n<p>El sindicato denuncia que el <strong>Hogar Provincial<\/strong> y otros servicios sociales especializados se encuentran en una <strong>situaci\u00f3n cr\u00edtica de personal<\/strong>, lo que compromete la atenci\u00f3n y protecci\u00f3n de los menores tutelados. Aunque se han convocado otros procesos selectivos, el de <strong>Educador Social<\/strong> permanece paralizado, poniendo en riesgo incluso la <strong>amortizaci\u00f3n de plazas estructurales<\/strong> si no se act\u00faa antes de finalizar el a\u00f1o.<\/p>\n<p>SPDA recuerda que, seg\u00fan el <strong>Estatuto B\u00e1sico del Empleado P\u00fablico (RD Legislativo 5\/2015)<\/strong>, las administraciones deben cubrir las necesidades de personal esenciales para garantizar el servicio p\u00fablico. Por ello, exige la <strong>inmediata publicaci\u00f3n de un \u00fanico proceso selectivo<\/strong> que incluya todas las plazas ofertadas hasta la fecha y se ejecute con la <strong>m\u00e1xima urgencia<\/strong> para asegurar una <strong>atenci\u00f3n de calidad y continuidad en los servicios sociales de menores.<\/strong><\/p>\n<h1 style=\"color: #000000;\"><strong>EXPONE:<\/strong><\/h1>\n<ol style=\"color: #000000;\">\n<li style=\"font-weight: 400; margin-bottom: 10px;\">Que la Diputaci\u00f3n de Alicante mantiene en funcionamiento diversos centros de atenci\u00f3n a menores y servicios sociales especializados, en los que el puesto de Educador Social, contin\u00faa asumiendo un papel esencial en la protecci\u00f3n, educaci\u00f3n y desarrollo integral de los menores.<\/li>\n<li style=\"font-weight: 400; margin-bottom: 10px;\">Que dichas plazas constituyen <strong>necesidades estructurales y permanentes del servicio<\/strong>, siendo imprescindibles para garantizar el cumplimiento de las ratios de personal exigidos en la normativa vigente (Decreto 27\/2023, de 10 de marzo, y posteriores modificaciones), as\u00ed como para asegurar una atenci\u00f3n adecuada a los menores bajo tutela.<\/li>\n<li style=\"font-weight: 400; margin-bottom: 10px;\">Que, pese a su car\u00e1cter estructural, <strong>el Hogar Provincial se encuentra en una situaci\u00f3n cr\u00edtica, operando con recursos humanos insuficientes<\/strong> al no disponer de los efectivos necesarios para desempe\u00f1ar la labor de <strong>educador<\/strong>. La demora en la convocatoria del proceso selectivo pendiente impide cubrir vacantes existentes y agrava la precariedad del servicio.<\/li>\n<li style=\"font-weight: 400; margin-bottom: 10px;\">Que, respecto a la <strong>Oferta de Empleo P\u00fablico (OEP)<\/strong> entre 2022 y 2025, se han ofertado un total de <strong>10 plazas de Educador Social<\/strong>:\n<ul style=\"list-style-type: disc; margin-top: 5px;\">\n<li><strong>2022: 1 plaza<\/strong><\/li>\n<li><strong>2023: 1 plaza<\/strong><\/li>\n<li><strong>2025: 8 plazas (7 por turno libre y 1 por promoci\u00f3n interna)<\/strong><\/li>\n<\/ul>\n<\/li>\n<\/ol>\n<p style=\"color: #000000;\">Es crucial subrayar que <strong>el plazo para convocar la plaza ofertada en 2022 finaliza en 2025<\/strong>. De no procederse a su convocatoria antes de finalizar el a\u00f1o, la plaza podr\u00eda amortizarse, lo que supondr\u00eda un <strong>perjuicio irreparable para el servicio<\/strong> y un <strong>riesgo directo para la atenci\u00f3n de los menores<\/strong>.<\/p>\n<ol style=\"color: #000000;\" start=\"5\">\n<li style=\"margin-bottom: 10px;\">Que, a comienzos de este a\u00f1o, el Departamento de <strong>Recursos Humanos<\/strong> facilit\u00f3 un <strong>calendario de los procesos selectivos previstos<\/strong>. Sin embargo, todos han sido convocados excepto el de <strong>Educador Social<\/strong>, cuya paralizaci\u00f3n amenaza la plaza de 2022.<\/li>\n<li style=\"margin-bottom: 10px;\">Que la mera expectativa de un posible cambio legislativo no puede <strong>justificar la paralizaci\u00f3n<\/strong> de la convocatoria de plazas estructurales.<\/li>\n<li style=\"margin-bottom: 10px;\">Que, conforme al art\u00edculo 70 del <strong>EBEP<\/strong>, la OEP debe cubrir las necesidades que no puedan ser atendidas con el personal existente.<\/li>\n<\/ol>\n<h1 style=\"color: #000000;\"><strong>SOLICITA:<\/strong><\/h1>\n<ol style=\"color: #000000;\">\n<li style=\"font-weight: 400; margin-bottom: 10px;\">Que se convoque de manera inmediata un <strong>\u00fanico proceso selectivo de concurso-oposici\u00f3n<\/strong> para todas las plazas de Educador Social (2022, 2023 y 2025).<\/li>\n<li style=\"font-weight: 400;\">Que dicha convocatoria se realice con la <strong>m\u00e1xima urgencia<\/strong> para evitar la p\u00e9rdida de plazas estructurales.<\/li>\n<\/ol>\n<h2 style=\"color: #000000;\"><strong>SPDA, Somos Tu Sindicato.<\/strong><\/h2>\n<p><a href=\"https:\/\/spda-alicante.com\/wp\/wp-content\/uploads\/2025\/10\/educadores.pdf\" target=\"_blank\" rel=\"noopener\">Descargar Solicitud presentada (PDF)<\/a><\/p>\n<h3><span style=\"color: #339966;\"><strong>SPDA, Somos Tu Sindicato.<\/strong><\/span><\/h3>\n","protected":false},"excerpt":{"rendered":"<p>El Sindicato Profesional de Trabajadores (SPDA) ha presentado un escrito ante la Diputaci\u00f3n de Alicante solicitando la convocatoria urgente de las plazas de Educador Social pendientes entre las ofertas p\u00fablicas de empleo de 2022, 2023 y 2025.<\/p><p><a class=\"more-link btn\" href=\"https:\/\/spda-alicante.com\/wp\/2025\/10\/el-spda-reclama-la-convocatoria-urgente-de-las-plazas-de-educador-social-en-diputacion-de-alicante\/\">Seguir leyendo<\/a><\/p>\n","protected":false},"author":1,"featured_media":51,"comment_status":"open","ping_status":"open","sticky":false,"template":"","format":"standard","meta":{"footnotes":""},"categories":[713,1,6],"tags":[721,583,720,722,258,145],"class_list":["post-5663","post","type-post","status-publish","format-standard","has-post-thumbnail","hentry","category-legislacion","category-noticias","category-publicaciones-oficiales","tag-convocatoria-urgente","tag-diputacion-de-alicante","tag-educadores-sociales","tag-lista-oposiciones","tag-oep","tag-reclamacion","item-wrap"],"_links":{"self":[{"href":"https:\/\/spda-alicante.com\/wp\/wp-json\/wp\/v2\/posts\/5663","targetHints":{"allow":["GET"]}}],"collection":[{"href":"https:\/\/spda-alicante.com\/wp\/wp-json\/wp\/v2\/posts"}],"about":[{"href":"https:\/\/spda-alicante.com\/wp\/wp-json\/wp\/v2\/types\/post"}],"author":[{"embeddable":true,"href":"https:\/\/spda-alicante.com\/wp\/wp-json\/wp\/v2\/users\/1"}],"replies":[{"embeddable":true,"href":"https:\/\/spda-alicante.com\/wp\/wp-json\/wp\/v2\/comments?post=5663"}],"version-history":[{"count":19,"href":"https:\/\/spda-alicante.com\/wp\/wp-json\/wp\/v2\/posts\/5663\/revisions"}],"predecessor-version":[{"id":5865,"href":"https:\/\/spda-alicante.com\/wp\/wp-json\/wp\/v2\/posts\/5663\/revisions\/5865"}],"wp:featuredmedia":[{"embeddable":true,"href":"https:\/\/spda-alicante.com\/wp\/wp-json\/wp\/v2\/media\/51"}],"wp:attachment":[{"href":"https:\/\/spda-alicante.com\/wp\/wp-json\/wp\/v2\/media?parent=5663"}],"wp:term":[{"taxonomy":"category","embeddable":true,"href":"https:\/\/spda-alicante.com\/wp\/wp-json\/wp\/v2\/categories?post=5663"},{"taxonomy":"post_tag","embeddable":true,"href":"https:\/\/spda-alicante.com\/wp\/wp-json\/wp\/v2\/tags?post=5663"}],"curies":[{"name":"wp","href":"https:\/\/api.w.org\/{rel}","templated":true}]}}