{"id":5479,"date":"2025-02-07T12:54:51","date_gmt":"2025-02-07T11:54:51","guid":{"rendered":"https:\/\/spda-alicante.com\/wp\/?p=5479"},"modified":"2026-01-26T10:06:13","modified_gmt":"2026-01-26T09:06:13","slug":"aprobacion-de-la-oferta-de-empleo-publico-ano-2025","status":"publish","type":"post","link":"https:\/\/spda-alicante.com\/wp\/2025\/02\/aprobacion-de-la-oferta-de-empleo-publico-ano-2025\/","title":{"rendered":"APROBACI\u00d3N DE LA OFERTA DE EMPLEO P\u00daBLICO A\u00d1O 2025."},"content":{"rendered":"<p>Aprobada en la Mesa General de Negociaci\u00f3n del d\u00eda 7 de FEBRERO la Oferta P\u00fablica de Empleo perteneciente al a\u00f1o 2025.<\/p>\n<p style=\"text-align: right;\">\u00a0#MGN #OEP \u00a0<a href=\"http:\/\/www.masymejor.es\/\">masymejor.es<\/a><\/p>\n<p><!--more--><\/p>\n<table border=\"1\">\n<thead>\n<tr style=\"background-color: #4caf50; color: white;\">\n<th>TURNO LIBRE<\/th>\n<th>N\u00ba PLAZAS (73)<\/th>\n<th>GRUPO<\/th>\n<\/tr>\n<\/thead>\n<tbody>\n<tr>\n<td>AUXILIAR DE ADMINISTRACI\u00d3N GENERAL<\/td>\n<td>4<\/td>\n<th>C2<\/th>\n<\/tr>\n<tr>\n<td>AUXILIAR DE INSTALACIONES DEPORTIVAS<\/td>\n<td>1<\/td>\n<th>C2<\/th>\n<\/tr>\n<tr>\n<td>AUXILIAR DE SERVICIOS GENERALES<\/td>\n<td>28<\/td>\n<th>AP<\/th>\n<\/tr>\n<tr>\n<td>AUXILIAR SANITARIO TITULADO<\/td>\n<td>28<\/td>\n<th>C2<\/th>\n<\/tr>\n<tr>\n<td>EDUCADOR SOCIAL<\/td>\n<td>7<\/td>\n<th>A2<\/th>\n<\/tr>\n<tr>\n<td>MONITOR OCUPACIONAL ESPECIALIZADO<\/td>\n<td>1<\/td>\n<th>C1<\/th>\n<\/tr>\n<tr>\n<td>OFICIAL DE MANTENIMIENTO<\/td>\n<td>2<\/td>\n<th>C2<\/th>\n<\/tr>\n<tr>\n<td>TRABAJADOR SOCIAL<\/td>\n<td>2<\/td>\n<th>A2<\/th>\n<\/tr>\n<\/tbody>\n<\/table>\n<p>&nbsp;<\/p>\n<p>&nbsp;<\/p>\n<table border=\"1\">\n<thead>\n<tr style=\"background-color: #4caf50; color: white;\">\n<th>PROMOCI\u00d3N INTERNA<\/th>\n<th>N\u00ba PLAZAS (8)<\/th>\n<th>GRUPO<\/th>\n<\/tr>\n<\/thead>\n<tbody>\n<tr>\n<td>ECONOMISTA<\/td>\n<td>1<\/td>\n<th>A1<\/th>\n<\/tr>\n<tr>\n<td>ESPECIALISTA DE MANTENIMIENTO<\/td>\n<td>5<\/td>\n<th>C1<\/th>\n<\/tr>\n<tr>\n<td>EDUCADOR SOCIAL<\/td>\n<td>1<\/td>\n<th>A2<\/th>\n<\/tr>\n<tr>\n<td>CONSERVADOR DE ARQUEOLOG\u00cdA<\/td>\n<td>1<\/td>\n<th>A1<\/th>\n<\/tr>\n<\/tbody>\n<\/table>\n<p><strong>SPDA, Somos Tu Sindicato<\/strong><\/p>\n","protected":false},"excerpt":{"rendered":"<p>Aprobada en la Mesa General de Negociaci\u00f3n del d\u00eda 7 de FEBRERO la Oferta P\u00fablica de Empleo perteneciente al a\u00f1o 2025. \u00a0#MGN #OEP \u00a0masymejor.es<\/p><p><a class=\"more-link btn\" href=\"https:\/\/spda-alicante.com\/wp\/2025\/02\/aprobacion-de-la-oferta-de-empleo-publico-ano-2025\/\">Seguir leyendo<\/a><\/p>\n","protected":false},"author":1,"featured_media":0,"comment_status":"open","ping_status":"open","sticky":false,"template":"","format":"standard","meta":{"footnotes":""},"categories":[724,1,6],"tags":[],"class_list":["post-5479","post","type-post","status-publish","format-standard","hentry","category-empleo-publico","category-noticias","category-publicaciones-oficiales","item-wrap"],"_links":{"self":[{"href":"https:\/\/spda-alicante.com\/wp\/wp-json\/wp\/v2\/posts\/5479","targetHints":{"allow":["GET"]}}],"collection":[{"href":"https:\/\/spda-alicante.com\/wp\/wp-json\/wp\/v2\/posts"}],"about":[{"href":"https:\/\/spda-alicante.com\/wp\/wp-json\/wp\/v2\/types\/post"}],"author":[{"embeddable":true,"href":"https:\/\/spda-alicante.com\/wp\/wp-json\/wp\/v2\/users\/1"}],"replies":[{"embeddable":true,"href":"https:\/\/spda-alicante.com\/wp\/wp-json\/wp\/v2\/comments?post=5479"}],"version-history":[{"count":8,"href":"https:\/\/spda-alicante.com\/wp\/wp-json\/wp\/v2\/posts\/5479\/revisions"}],"predecessor-version":[{"id":5872,"href":"https:\/\/spda-alicante.com\/wp\/wp-json\/wp\/v2\/posts\/5479\/revisions\/5872"}],"wp:attachment":[{"href":"https:\/\/spda-alicante.com\/wp\/wp-json\/wp\/v2\/media?parent=5479"}],"wp:term":[{"taxonomy":"category","embeddable":true,"href":"https:\/\/spda-alicante.com\/wp\/wp-json\/wp\/v2\/categories?post=5479"},{"taxonomy":"post_tag","embeddable":true,"href":"https:\/\/spda-alicante.com\/wp\/wp-json\/wp\/v2\/tags?post=5479"}],"curies":[{"name":"wp","href":"https:\/\/api.w.org\/{rel}","templated":true}]}}