{"id":5051,"date":"2022-05-26T09:47:04","date_gmt":"2022-05-26T07:47:04","guid":{"rendered":"https:\/\/spda-alicante.com\/wp\/?p=5051"},"modified":"2022-05-26T09:47:04","modified_gmt":"2022-05-26T07:47:04","slug":"instituto-de-la-familia-doctor-pedro-herrero-aprobacion-definitiva-modificacion-plantilla-organica-2022","status":"publish","type":"post","link":"https:\/\/spda-alicante.com\/wp\/2022\/05\/instituto-de-la-familia-doctor-pedro-herrero-aprobacion-definitiva-modificacion-plantilla-organica-2022\/","title":{"rendered":"INSTITUTO  de la FAMILIA DOCTOR PEDRO HERRERO. Aprobaci\u00f3n definitiva modificaci\u00f3n PLANTILLA ORG\u00c1NICA 2022."},"content":{"rendered":"<p style=\"text-align: right;\"><span style=\"color: #ff0000;\"><span style=\"color: #000000;\">#oep #instituto-pedro-herrero #modificacion-plantilla #psicologo #spda\u00a0 \u00a0 \u00a0 \u00a0 \u00a0 \u00a0 \u00a0 \u00a0 \u00a0 \u00a0 \u00a0 \u00a0 \u00a0 \u00a0 <\/span><\/span><a href=\"http:\/\/www.masymejor.es\"><span style=\"color: #ff0000;\">mas<span style=\"color: #3366ff;\">y<\/span>mejor<span style=\"color: #3366ff;\">.<\/span>es<\/span><\/a><\/p>\n<div>\n<p><img loading=\"lazy\" decoding=\"async\" class=\"alignright size-full wp-image-53\" title=\"oposiciones\" src=\"https:\/\/spda-alicante.com\/wp\/wp-content\/uploads\/2011\/03\/oposiciones.gif\" alt=\"\" width=\"92\" height=\"76\" \/><\/p>\n<p style=\"text-align: center;\"><strong>ANUNCIO<\/strong><\/p>\n<p style=\"font-weight: 400;\">La Excma. Diputaci\u00f3n de Provincial de Alicante en sesi\u00f3n ordinaria de fecha 6 de abril de 2022, acord\u00f3 aprobar el expediente de \u201cModificaci\u00f3n de la Plantilla Org\u00e1nica del Organismo Aut\u00f3nomo Instituto Alicantino de la Familia Pedro Herrero para el a\u00f1o 2022\u201d.<\/p>\n<\/div>\n<p><!--more--><\/p>\n<p>Dicho expediente ha permanecido expuesto al p\u00fablico en las dependencias del citado Organismo, durante el plazo de quince d\u00edas h\u00e1biles (del 12 de abril al 6 de mayo de 2022) para reclamaciones, de conformidad con el anuncio publicado en el Bolet\u00edn Oficial de la Provincia de Alicante n\u00ba 70, de fecha 11 de abril de 2022.<\/p>\n<p>Transcurrido dicho plazo y no habi\u00e9ndose presentado reclamaci\u00f3n alguna contra el citado Acuerdo, \u00e9ste ha adquirido car\u00e1cter definitivo con efectos del d\u00eda 9 de mayo de 2022.<\/p>\n<p>Por otra parte, y de conformidad con la legislaci\u00f3n vigente, se publican las modificaciones acordadas en la sesi\u00f3n plenaria mencionada, en los siguientes t\u00e9rminos:<\/p>\n<p>Primero.- Aprobar la modificaci\u00f3n de la Plantilla del Organismo Aut\u00f3nomo \u201cInstituto de la Familia Dr. Pedro Herrero\u201d, consistente en la creaci\u00f3n de la siguiente plaza reservada a funcionario de carrera:<\/p>\n<table>\n<tbody>\n<tr>\n<td width=\"105\">Subgrupo<\/p>\n<p>TREBEP<\/td>\n<td width=\"101\">N\u00ba PLAZAS<\/td>\n<td width=\"101\">Denominaci\u00f3n plaza<\/td>\n<td width=\"105\">Escala<\/td>\n<td width=\"73\">Subescala<\/td>\n<td width=\"77\">Clase<\/td>\n<\/tr>\n<tr>\n<td width=\"105\">A1<\/td>\n<td width=\"101\">1<\/td>\n<td width=\"101\">Psic\u00f3logo<\/td>\n<td width=\"105\">Administraci\u00f3n<\/p>\n<p>Especial<\/td>\n<td width=\"73\">T\u00e9cnica<\/td>\n<td width=\"77\">T\u00e9cnico Superior<\/td>\n<\/tr>\n<\/tbody>\n<\/table>\n<p>Contra la presente modificaci\u00f3n de la Plantilla los interesados podr\u00e1n interponer Recurso Contencioso-Administrativo ante la Sala de lo Contencioso del Tribunal Superior de Justicia de la Comunidad Valenciana, en el plazo de dos meses a contar desde el d\u00eda siguiente a esta publicaci\u00f3n, sin perjuicio de que los interesados puedan ejercitar, en su caso, cualquier otro recurso que se estime pertinente.<\/p>\n<p>Lo que se hace p\u00fablico para general conocimiento.<\/p>\n<p style=\"text-align: center;\">\nA FECHA DE LA FIRMA ELECTR\u00d3NICA.<\/p>\n<p>&nbsp;<\/p>\n<p><strong>EL SECRETARIO. <\/strong><br \/>\n<strong>EL VICEPRESIDENTE.<\/strong><\/p>\n<p>&nbsp;<\/p>\n<p><strong style=\"text-align: left;\">SPDA, Somos Tu Sindicato.<\/strong><\/p>\n","protected":false},"excerpt":{"rendered":"<p>#oep #instituto-pedro-herrero #modificacion-plantilla #psicologo #spda\u00a0 \u00a0 \u00a0 \u00a0 \u00a0 \u00a0 \u00a0 \u00a0 \u00a0 \u00a0 \u00a0 \u00a0 \u00a0 \u00a0 masymejor.es ANUNCIO La Excma. Diputaci\u00f3n de Provincial de Alicante en sesi\u00f3n ordinaria de fecha 6 de abril de 2022, acord\u00f3 aprobar el expediente de \u201cModificaci\u00f3n de la Plantilla Org\u00e1nica del Organismo Aut\u00f3nomo Instituto Alicantino de la Familia &hellip; <\/p>\n<p><a class=\"more-link btn\" href=\"https:\/\/spda-alicante.com\/wp\/2022\/05\/instituto-de-la-familia-doctor-pedro-herrero-aprobacion-definitiva-modificacion-plantilla-organica-2022\/\">Seguir leyendo<\/a><\/p>\n","protected":false},"author":1,"featured_media":0,"comment_status":"open","ping_status":"open","sticky":false,"template":"","format":"standard","meta":{"footnotes":""},"categories":[11,1],"tags":[628,629,74],"class_list":["post-5051","post","type-post","status-publish","format-standard","hentry","category-legislacion-oposiciones","category-noticias","tag-instituto-pedro-herrero","tag-modificacion-plantilla","tag-psicologo","item-wrap"],"_links":{"self":[{"href":"https:\/\/spda-alicante.com\/wp\/wp-json\/wp\/v2\/posts\/5051","targetHints":{"allow":["GET"]}}],"collection":[{"href":"https:\/\/spda-alicante.com\/wp\/wp-json\/wp\/v2\/posts"}],"about":[{"href":"https:\/\/spda-alicante.com\/wp\/wp-json\/wp\/v2\/types\/post"}],"author":[{"embeddable":true,"href":"https:\/\/spda-alicante.com\/wp\/wp-json\/wp\/v2\/users\/1"}],"replies":[{"embeddable":true,"href":"https:\/\/spda-alicante.com\/wp\/wp-json\/wp\/v2\/comments?post=5051"}],"version-history":[{"count":1,"href":"https:\/\/spda-alicante.com\/wp\/wp-json\/wp\/v2\/posts\/5051\/revisions"}],"predecessor-version":[{"id":5052,"href":"https:\/\/spda-alicante.com\/wp\/wp-json\/wp\/v2\/posts\/5051\/revisions\/5052"}],"wp:attachment":[{"href":"https:\/\/spda-alicante.com\/wp\/wp-json\/wp\/v2\/media?parent=5051"}],"wp:term":[{"taxonomy":"category","embeddable":true,"href":"https:\/\/spda-alicante.com\/wp\/wp-json\/wp\/v2\/categories?post=5051"},{"taxonomy":"post_tag","embeddable":true,"href":"https:\/\/spda-alicante.com\/wp\/wp-json\/wp\/v2\/tags?post=5051"}],"curies":[{"name":"wp","href":"https:\/\/api.w.org\/{rel}","templated":true}]}}