{"id":5049,"date":"2022-05-26T09:37:37","date_gmt":"2022-05-26T07:37:37","guid":{"rendered":"https:\/\/spda-alicante.com\/wp\/?p=5049"},"modified":"2022-05-26T09:37:37","modified_gmt":"2022-05-26T07:37:37","slug":"instituto-de-la-familia-doctor-pedro-herrero-oep","status":"publish","type":"post","link":"https:\/\/spda-alicante.com\/wp\/2022\/05\/instituto-de-la-familia-doctor-pedro-herrero-oep\/","title":{"rendered":"INSTITUTO de la FAMILIA DOCTOR PEDRO HERRERO OEP."},"content":{"rendered":"<p style=\"text-align: right;\"><span style=\"color: #ff0000;\"><span style=\"color: #000000;\">#oep #instituto-pedro-herrero #turno-libre #psicologo #spda\u00a0 \u00a0 \u00a0 \u00a0 \u00a0 \u00a0 \u00a0 \u00a0 \u00a0 \u00a0 \u00a0 \u00a0 \u00a0 \u00a0 <\/span><\/span><a href=\"http:\/\/www.masymejor.es\"><span style=\"color: #ff0000;\">mas<span style=\"color: #3366ff;\">y<\/span>mejor<span style=\"color: #3366ff;\">.<\/span>es<\/span><\/a><\/p>\n<div>\n<p><img loading=\"lazy\" decoding=\"async\" class=\"alignright size-full wp-image-53\" title=\"oposiciones\" src=\"https:\/\/spda-alicante.com\/wp\/wp-content\/uploads\/2011\/03\/oposiciones.gif\" alt=\"\" width=\"92\" height=\"76\" \/><\/p>\n<p style=\"text-align: center;\"><strong>ANUNCIO<\/strong><\/p>\n<p style=\"font-weight: 400;\">Oferta de Empleo P\u00fablico extraordinaria del a\u00f1o 2022 del Organismo Aut\u00f3nomo de \u201cInstituto de la Familia Dr. Pedro Herrero\u201d, en el marco del tercer proceso de estabilizaci\u00f3n en el empleo establecido en la Ley 20\/2021, de 28 de diciembre, aprobada por acuerdo de Junta de Gobierno Local de la Excma. Diputaci\u00f3n Provincial de Alicante, en sesi\u00f3n ordinaria de fecha 23 de mayo de 2022.<\/p>\n<\/div>\n<p><!--more--><\/p>\n<p style=\"text-align: center;\">\n<strong>TURNO LIBRE <\/strong><br \/>\n<strong>FUNCIONARIO DE CARRERA<\/strong><\/p>\n<table>\n<tbody>\n<tr>\n<td width=\"105\">Subgrupo<\/td>\n<td width=\"101\">Denominaci\u00f3n Plaza<\/td>\n<td width=\"105\">Escala<\/td>\n<td width=\"79\">Subescala<\/td>\n<td width=\"71\">Clase<\/td>\n<td width=\"77\">N\u00famero vacantes<\/td>\n<\/tr>\n<tr>\n<td width=\"105\">A1<\/td>\n<td width=\"101\">Psic\u00f3logo<\/td>\n<td width=\"105\">Administraci\u00f3n<\/td>\n<td width=\"79\">Especial T\u00e9cnica<\/td>\n<td width=\"71\">T\u00e9cnico Superior<\/td>\n<td width=\"77\">2<\/td>\n<\/tr>\n<\/tbody>\n<\/table>\n<p style=\"text-align: center;\">\nA FECHA DE LA FIRMA ELECTR\u00d3NICA.<\/p>\n<p><strong>EL SECRETARIO. <\/strong><br \/>\n<strong>EL VICEPRESIDENTE.<\/strong><\/p>\n<p>&nbsp;<\/p>\n<p><strong style=\"text-align: left;\">SPDA, Somos Tu Sindicato.<\/strong><\/p>\n","protected":false},"excerpt":{"rendered":"<p>#oep #instituto-pedro-herrero #turno-libre #psicologo #spda\u00a0 \u00a0 \u00a0 \u00a0 \u00a0 \u00a0 \u00a0 \u00a0 \u00a0 \u00a0 \u00a0 \u00a0 \u00a0 \u00a0 masymejor.es ANUNCIO Oferta de Empleo P\u00fablico extraordinaria del a\u00f1o 2022 del Organismo Aut\u00f3nomo de \u201cInstituto de la Familia Dr. Pedro Herrero\u201d, en el marco del tercer proceso de estabilizaci\u00f3n en el empleo establecido en la Ley 20\/2021, &hellip; <\/p>\n<p><a class=\"more-link btn\" href=\"https:\/\/spda-alicante.com\/wp\/2022\/05\/instituto-de-la-familia-doctor-pedro-herrero-oep\/\">Seguir leyendo<\/a><\/p>\n","protected":false},"author":1,"featured_media":0,"comment_status":"open","ping_status":"open","sticky":false,"template":"","format":"standard","meta":{"footnotes":""},"categories":[11,1],"tags":[628,258,74,370],"class_list":["post-5049","post","type-post","status-publish","format-standard","hentry","category-legislacion-oposiciones","category-noticias","tag-instituto-pedro-herrero","tag-oep","tag-psicologo","tag-turno-libre","item-wrap"],"_links":{"self":[{"href":"https:\/\/spda-alicante.com\/wp\/wp-json\/wp\/v2\/posts\/5049","targetHints":{"allow":["GET"]}}],"collection":[{"href":"https:\/\/spda-alicante.com\/wp\/wp-json\/wp\/v2\/posts"}],"about":[{"href":"https:\/\/spda-alicante.com\/wp\/wp-json\/wp\/v2\/types\/post"}],"author":[{"embeddable":true,"href":"https:\/\/spda-alicante.com\/wp\/wp-json\/wp\/v2\/users\/1"}],"replies":[{"embeddable":true,"href":"https:\/\/spda-alicante.com\/wp\/wp-json\/wp\/v2\/comments?post=5049"}],"version-history":[{"count":1,"href":"https:\/\/spda-alicante.com\/wp\/wp-json\/wp\/v2\/posts\/5049\/revisions"}],"predecessor-version":[{"id":5050,"href":"https:\/\/spda-alicante.com\/wp\/wp-json\/wp\/v2\/posts\/5049\/revisions\/5050"}],"wp:attachment":[{"href":"https:\/\/spda-alicante.com\/wp\/wp-json\/wp\/v2\/media?parent=5049"}],"wp:term":[{"taxonomy":"category","embeddable":true,"href":"https:\/\/spda-alicante.com\/wp\/wp-json\/wp\/v2\/categories?post=5049"},{"taxonomy":"post_tag","embeddable":true,"href":"https:\/\/spda-alicante.com\/wp\/wp-json\/wp\/v2\/tags?post=5049"}],"curies":[{"name":"wp","href":"https:\/\/api.w.org\/{rel}","templated":true}]}}