{"id":3988,"date":"2018-11-06T10:07:39","date_gmt":"2018-11-06T09:07:39","guid":{"rendered":"https:\/\/spda-alicante.com\/wp\/?p=3988"},"modified":"2018-11-06T10:07:39","modified_gmt":"2018-11-06T09:07:39","slug":"relacion-de-aspirantes-aprobados-para-la-la-seleccion-de-dos-plazas-de-especialistas-de-mantenimiento-turno-promocion-interna","status":"publish","type":"post","link":"https:\/\/spda-alicante.com\/wp\/2018\/11\/relacion-de-aspirantes-aprobados-para-la-la-seleccion-de-dos-plazas-de-especialistas-de-mantenimiento-turno-promocion-interna\/","title":{"rendered":"Relaci\u00f3n de ASPIRANTES APROBADOS para la LA SELECCI\u00d3N de DOS PLAZAS de ESPECIALISTAS de MANTENIMIENTO turno Promoci\u00f3n Interna"},"content":{"rendered":"<p style=\"text-align: right;\"><span style=\"color: #ff0000;\"><span style=\"color: #000000;\">#plazo #promocion-interna #oficial-mantenimiento #spda #masymejor \u00a0<\/span><\/span><a href=\"http:\/\/www.masymejor.es\"><span style=\"color: #ff0000;\">mas<span style=\"color: #3366ff;\">y<\/span>mejor<span style=\"color: #3366ff;\">.<\/span>es<\/span><\/a><\/p>\n<div>\n<p><img loading=\"lazy\" decoding=\"async\" class=\"alignright size-full wp-image-53\" title=\"oposiciones\" src=\"https:\/\/spda-alicante.com\/wp\/wp-content\/uploads\/2011\/03\/oposiciones.gif\" alt=\"\" width=\"92\" height=\"76\" \/><\/p>\n<p class=\"m_390352534960375414gmail-MsoHeader\">COMISI\u00d3N T\u00c9CNICA DE VALORACI\u00d3N DE LAS PRUEBAS SELECTIVAS CONVOCADAS PARA CUBRIR, POR EL PROCEDIMIENTO DE CONCURSO-OPOSICI\u00d3N,\u00a0<b>DOS PLAZAS DE ESPECIALISTA DE MANTENIMIENTO<\/b>, TURNO PROMOCI\u00d3N INTERNA, VACANTES EN LA PLANTILLA DE ESTA EXCMA. DIPUTACI\u00d3N PROVINCIAL DE ALICANTE.<\/p>\n<p class=\"m_390352534960375414gmail-MsoHeader\">RELACI\u00d3N DE ASPIRANTES APROBADOS, CON INDICACI\u00d3N DE LA PUNTUACI\u00d3N OBTENIDA:<\/p>\n<p><!--more--><\/p>\n<table style=\"font-weight: 400;\">\n<tbody>\n<tr>\n<td width=\"64\"><strong>N\u00ba Orden<\/strong><\/td>\n<td width=\"349\"><strong>NOMBRE Y APELLIDOS<\/strong><\/td>\n<td width=\"116\"><strong>TOTAL PUNTUACI\u00d3N<\/strong><\/td>\n<\/tr>\n<tr>\n<td width=\"64\">\n<ol>\n<li><\/li>\n<\/ol>\n<\/td>\n<td width=\"349\">JOS\u00c9 \u00c1NGEL HERV\u00c1S GONZ\u00c1LEZ<\/td>\n<td width=\"116\">22,933<\/td>\n<\/tr>\n<tr>\n<td width=\"64\">\n<ol>\n<li><\/li>\n<\/ol>\n<\/td>\n<td width=\"349\">EMILIO JOS\u00c9 NAVARRO CASA\u00d1A<\/td>\n<td width=\"116\">21,417<\/td>\n<\/tr>\n<\/tbody>\n<\/table>\n<p style=\"font-weight: 400;\">Lo que se hace p\u00fablico para general conocimiento y de los interesados, que disponen de un plazo de veinte d\u00edas naturales a contar desde el d\u00eda de hoy, para presentar en el Departamento de Personal de esta Corporaci\u00f3n, los documentos acreditativos de capacidad y requisitos exigidos en la Base Segunda, de conformidad con la Base D\u00e9cima de la Convocatoria.<\/p>\n<p style=\"font-weight: 400;\">Alicante, a la fecha de la firma electr\u00f3nica.<\/p>\n<table>\n<tbody>\n<tr>\n<td width=\"288\">V\u00ba B\u00ba<\/p>\n<p>LA PRESIDENTA DE LA COMISI\u00d3N T\u00c9CNICA DE VALORACI\u00d3N,<\/p>\n<p>&nbsp;<\/p>\n<p>Fdo.: Virtudes Ferriz Mic\u00f3<\/td>\n<td width=\"288\">&nbsp;<\/p>\n<p>LA SECRETARIA DE LA COMISI\u00d3N T\u00c9CNICA DE VALORACI\u00d3N,<\/p>\n<p>&nbsp;<\/p>\n<p>Fdo.: Amparo Koninckx Frasquet<\/td>\n<\/tr>\n<\/tbody>\n<\/table>\n<p><strong>SPDA, Somos Tu Sindicato<\/strong><\/p>\n<\/div>\n","protected":false},"excerpt":{"rendered":"<p>#plazo #promocion-interna #oficial-mantenimiento #spda #masymejor \u00a0masymejor.es COMISI\u00d3N T\u00c9CNICA DE VALORACI\u00d3N DE LAS PRUEBAS SELECTIVAS CONVOCADAS PARA CUBRIR, POR EL PROCEDIMIENTO DE CONCURSO-OPOSICI\u00d3N,\u00a0DOS PLAZAS DE ESPECIALISTA DE MANTENIMIENTO, TURNO PROMOCI\u00d3N INTERNA, VACANTES EN LA PLANTILLA DE ESTA EXCMA. DIPUTACI\u00d3N PROVINCIAL DE ALICANTE. RELACI\u00d3N DE ASPIRANTES APROBADOS, CON INDICACI\u00d3N DE LA PUNTUACI\u00d3N OBTENIDA:<\/p><p><a class=\"more-link btn\" href=\"https:\/\/spda-alicante.com\/wp\/2018\/11\/relacion-de-aspirantes-aprobados-para-la-la-seleccion-de-dos-plazas-de-especialistas-de-mantenimiento-turno-promocion-interna\/\">Seguir leyendo<\/a><\/p>\n","protected":false},"author":1,"featured_media":0,"comment_status":"open","ping_status":"open","sticky":false,"template":"","format":"standard","meta":{"footnotes":""},"categories":[11],"tags":[173,139,209,43,216,132],"class_list":["post-3988","post","type-post","status-publish","format-standard","hentry","category-legislacion-oposiciones","tag-concurso-oposicion","tag-especialista_mtto","tag-listados","tag-mantenimiento","tag-plazos","tag-promocion_interna","item-wrap"],"_links":{"self":[{"href":"https:\/\/spda-alicante.com\/wp\/wp-json\/wp\/v2\/posts\/3988","targetHints":{"allow":["GET"]}}],"collection":[{"href":"https:\/\/spda-alicante.com\/wp\/wp-json\/wp\/v2\/posts"}],"about":[{"href":"https:\/\/spda-alicante.com\/wp\/wp-json\/wp\/v2\/types\/post"}],"author":[{"embeddable":true,"href":"https:\/\/spda-alicante.com\/wp\/wp-json\/wp\/v2\/users\/1"}],"replies":[{"embeddable":true,"href":"https:\/\/spda-alicante.com\/wp\/wp-json\/wp\/v2\/comments?post=3988"}],"version-history":[{"count":1,"href":"https:\/\/spda-alicante.com\/wp\/wp-json\/wp\/v2\/posts\/3988\/revisions"}],"predecessor-version":[{"id":3989,"href":"https:\/\/spda-alicante.com\/wp\/wp-json\/wp\/v2\/posts\/3988\/revisions\/3989"}],"wp:attachment":[{"href":"https:\/\/spda-alicante.com\/wp\/wp-json\/wp\/v2\/media?parent=3988"}],"wp:term":[{"taxonomy":"category","embeddable":true,"href":"https:\/\/spda-alicante.com\/wp\/wp-json\/wp\/v2\/categories?post=3988"},{"taxonomy":"post_tag","embeddable":true,"href":"https:\/\/spda-alicante.com\/wp\/wp-json\/wp\/v2\/tags?post=3988"}],"curies":[{"name":"wp","href":"https:\/\/api.w.org\/{rel}","templated":true}]}}