{"id":3979,"date":"2018-10-30T10:39:48","date_gmt":"2018-10-30T09:39:48","guid":{"rendered":"https:\/\/spda-alicante.com\/wp\/?p=3979"},"modified":"2018-10-30T10:39:48","modified_gmt":"2018-10-30T09:39:48","slug":"aspirantes-que-has-superado-la-fase-de-oposicion-para-la-la-seleccion-de-dos-plazas-de-especialistas-de-mantenimiento-turno-promocion-interna","status":"publish","type":"post","link":"https:\/\/spda-alicante.com\/wp\/2018\/10\/aspirantes-que-has-superado-la-fase-de-oposicion-para-la-la-seleccion-de-dos-plazas-de-especialistas-de-mantenimiento-turno-promocion-interna\/","title":{"rendered":"ASPIRANTES que has superado la FASE de OPOSICI\u00d3N para la LA SELECCI\u00d3N de DOS PLAZAS de ESPECIALISTAS de MANTENIMIENTO turno Promoci\u00f3n Interna"},"content":{"rendered":"<p style=\"text-align: right;\"><span style=\"color: #ff0000;\"><span style=\"color: #000000;\">#plazo #promocion-interna #oficial-mantenimiento #spda #masymejor \u00a0<\/span><\/span><a href=\"http:\/\/www.masymejor.es\"><span style=\"color: #ff0000;\">mas<span style=\"color: #3366ff;\">y<\/span>mejor<span style=\"color: #3366ff;\">.<\/span>es<\/span><\/a><\/p>\n<div>\n<p><img loading=\"lazy\" decoding=\"async\" class=\"alignright size-full wp-image-53\" title=\"oposiciones\" src=\"https:\/\/spda-alicante.com\/wp\/wp-content\/uploads\/2011\/03\/oposiciones.gif\" alt=\"\" width=\"92\" height=\"76\" \/><\/p>\n<p style=\"font-weight: 400;\">COMISI\u00d3N T\u00c9CNICA DE VALORACI\u00d3N DE LAS PRUEBAS SELECTIVAS CONVOCADAS PARA CUBRIR, POR EL PROCEDIMIENTO DE CONCURSO-OPOSICI\u00d3N,\u00a0<strong>DOS PLAZAS DE ESPECIALISTA DE MANTENIMIENTO<\/strong>, TURNO PROMOCI\u00d3N INTERNA, VACANTES EN LA PLANTILLA DE ESTA EXCMA. DIPUTACI\u00d3N PROVINCIAL DE ALICANTE.<\/p>\n<p style=\"font-weight: 400;\">RELACI\u00d3N DE LOS ASPIRANTES QUE HAN SUPERADO LA FASE DE OPOSICI\u00d3N, CON INDICACI\u00d3N DE LA PUNTUACI\u00d3N OBTENIDA EN LA FASE DE M\u00c9RITOS:<\/p>\n<p><!--more--><\/p>\n<table style=\"font-weight: 400; height: 141px;\" width=\"764\">\n<tbody>\n<tr>\n<td width=\"76\">N\u00ba<\/p>\n<p>SORTEO<\/td>\n<td width=\"265\">APELLIDOS Y NOMBRE<\/td>\n<td width=\"57\">a)<\/td>\n<td width=\"57\">b)<\/td>\n<td width=\"57\">c)<\/td>\n<td width=\"66\"><strong>TOTAL<\/strong><\/p>\n<p><strong>M\u00c9RITOS<\/strong><\/td>\n<\/tr>\n<tr>\n<td width=\"76\">1<\/td>\n<td width=\"265\">HERV\u00c1S G\u00d3MEZ, JOS\u00c9 \u00c1NGEL<\/td>\n<td width=\"57\">3,50<\/td>\n<td width=\"57\">3,50<\/td>\n<td width=\"57\">0,10<\/td>\n<td width=\"66\">7,10<\/td>\n<\/tr>\n<tr>\n<td width=\"76\">2<\/td>\n<td width=\"265\">NAVARRO CASA\u00d1A, EMILIO JOS\u00c9<\/td>\n<td width=\"57\">3,50<\/td>\n<td width=\"57\">2,80<\/td>\n<td width=\"57\">0,20<\/td>\n<td width=\"66\">6,50<\/td>\n<\/tr>\n<\/tbody>\n<\/table>\n<p style=\"font-weight: 400;\">Lo que se hace p\u00fablico para general conocimiento y de los interesados. Asimismo, se concede de un plazo de diez d\u00edas h\u00e1biles, a contar desde el d\u00eda siguiente al de la publicaci\u00f3n de este anuncio, para formular las reclamaciones y alegaciones que estimen oportunas en relaci\u00f3n con el contenido de esta publicaci\u00f3n, todo ello de conformidad con lo dispuesto en la Bases que rigen el presente proceso selectivo.<\/p>\n<p style=\"font-weight: 400;\">Alicante, a la fecha de la firma electr\u00f3nica.<\/p>\n<table>\n<tbody>\n<tr>\n<td width=\"288\">V\u00ba B\u00ba<\/p>\n<p>LA PRESIDENTA DE LA COMISI\u00d3N T\u00c9CNICA DE VALORACI\u00d3N,<\/p>\n<p>&nbsp;<\/p>\n<p>Fdo.: Virtudes Ferriz Mic\u00f3<\/td>\n<td width=\"288\">&nbsp;<\/p>\n<p>LA SECRETARIA DE LA COMISI\u00d3N T\u00c9CNICA DE VALORACI\u00d3N,<\/p>\n<p>&nbsp;<\/p>\n<p>Fdo.: Amparo Koninckx Frasquet<\/td>\n<\/tr>\n<\/tbody>\n<\/table>\n<p><strong>SPDA, Somos Tu Sindicato<\/strong><\/p>\n<\/div>\n","protected":false},"excerpt":{"rendered":"<p>#plazo #promocion-interna #oficial-mantenimiento #spda #masymejor \u00a0masymejor.es COMISI\u00d3N T\u00c9CNICA DE VALORACI\u00d3N DE LAS PRUEBAS SELECTIVAS CONVOCADAS PARA CUBRIR, POR EL PROCEDIMIENTO DE CONCURSO-OPOSICI\u00d3N,\u00a0DOS PLAZAS DE ESPECIALISTA DE MANTENIMIENTO, TURNO PROMOCI\u00d3N INTERNA, VACANTES EN LA PLANTILLA DE ESTA EXCMA. DIPUTACI\u00d3N PROVINCIAL DE ALICANTE. RELACI\u00d3N DE LOS ASPIRANTES QUE HAN SUPERADO LA FASE DE OPOSICI\u00d3N, CON INDICACI\u00d3N DE &hellip; <\/p>\n<p><a class=\"more-link btn\" href=\"https:\/\/spda-alicante.com\/wp\/2018\/10\/aspirantes-que-has-superado-la-fase-de-oposicion-para-la-la-seleccion-de-dos-plazas-de-especialistas-de-mantenimiento-turno-promocion-interna\/\">Seguir leyendo<\/a><\/p>\n","protected":false},"author":1,"featured_media":0,"comment_status":"open","ping_status":"open","sticky":false,"template":"","format":"standard","meta":{"footnotes":""},"categories":[11],"tags":[173,139,209,43,216,132],"class_list":["post-3979","post","type-post","status-publish","format-standard","hentry","category-legislacion-oposiciones","tag-concurso-oposicion","tag-especialista_mtto","tag-listados","tag-mantenimiento","tag-plazos","tag-promocion_interna","item-wrap"],"_links":{"self":[{"href":"https:\/\/spda-alicante.com\/wp\/wp-json\/wp\/v2\/posts\/3979","targetHints":{"allow":["GET"]}}],"collection":[{"href":"https:\/\/spda-alicante.com\/wp\/wp-json\/wp\/v2\/posts"}],"about":[{"href":"https:\/\/spda-alicante.com\/wp\/wp-json\/wp\/v2\/types\/post"}],"author":[{"embeddable":true,"href":"https:\/\/spda-alicante.com\/wp\/wp-json\/wp\/v2\/users\/1"}],"replies":[{"embeddable":true,"href":"https:\/\/spda-alicante.com\/wp\/wp-json\/wp\/v2\/comments?post=3979"}],"version-history":[{"count":1,"href":"https:\/\/spda-alicante.com\/wp\/wp-json\/wp\/v2\/posts\/3979\/revisions"}],"predecessor-version":[{"id":3980,"href":"https:\/\/spda-alicante.com\/wp\/wp-json\/wp\/v2\/posts\/3979\/revisions\/3980"}],"wp:attachment":[{"href":"https:\/\/spda-alicante.com\/wp\/wp-json\/wp\/v2\/media?parent=3979"}],"wp:term":[{"taxonomy":"category","embeddable":true,"href":"https:\/\/spda-alicante.com\/wp\/wp-json\/wp\/v2\/categories?post=3979"},{"taxonomy":"post_tag","embeddable":true,"href":"https:\/\/spda-alicante.com\/wp\/wp-json\/wp\/v2\/tags?post=3979"}],"curies":[{"name":"wp","href":"https:\/\/api.w.org\/{rel}","templated":true}]}}