{"id":3972,"date":"2018-09-27T14:49:20","date_gmt":"2018-09-27T12:49:20","guid":{"rendered":"https:\/\/spda-alicante.com\/wp\/?p=3972"},"modified":"2018-09-27T14:51:10","modified_gmt":"2018-09-27T12:51:10","slug":"aspirantes-aprobados-del-segundo-ejercicio-para-la-la-seleccion-de-dos-plazas-de-especialistas-de-mantenimiento-turno-promocion-interna","status":"publish","type":"post","link":"https:\/\/spda-alicante.com\/wp\/2018\/09\/aspirantes-aprobados-del-segundo-ejercicio-para-la-la-seleccion-de-dos-plazas-de-especialistas-de-mantenimiento-turno-promocion-interna\/","title":{"rendered":"ASPIRANTES APROBADOS del Segundo Ejercicio para la LA SELECCI\u00d3N de DOS PLAZAS de ESPECIALISTAS de MANTENIMIENTO turno Promoci\u00f3n Interna"},"content":{"rendered":"<p style=\"text-align: right;\"><span style=\"color: #ff0000;\"><span style=\"color: #000000;\">#plazo #promocion-interna #oficial-mantenimiento #spda #masymejor \u00a0<\/span><\/span><a href=\"http:\/\/www.masymejor.es\"><span style=\"color: #ff0000;\">mas<span style=\"color: #3366ff;\">y<\/span>mejor<span style=\"color: #3366ff;\">.<\/span>es<\/span><\/a><\/p>\n<div>\n<p><img loading=\"lazy\" decoding=\"async\" class=\"alignright size-full wp-image-53\" title=\"oposiciones\" src=\"https:\/\/spda-alicante.com\/wp\/wp-content\/uploads\/2011\/03\/oposiciones.gif\" alt=\"\" width=\"92\" height=\"76\" \/><\/p>\n<p>COMISI\u00d3N T\u00c9CNICA DE VALORACI\u00d3N DE LAS PRUEBAS SELECTIVAS CONVOCADAS PARA CUBRIR, POR EL PROCEDIMIENTO DE CONCURSO-OPOSICI\u00d3N, <strong>DOS PLAZAS DE ESPECIALISTA DE MANTENIMIENTO<\/strong>, <strong>TURNO PROMOCI\u00d3N INTERNA<\/strong>, VACANTES EN LA PLANTILLA DE ESTA EXCMA. DIPUTACI\u00d3N PROVINCIAL DE ALICANTE.<\/p>\n<p>ASPIRANTES QUE HAN SUPERADO EL SEGUNDO EJERCICIO, CON INDICACI\u00d3N DE LA PUNTUACI\u00d3N OBTENIDA:<\/p>\n<p><!--more--><\/p>\n<p>&nbsp;<\/p>\n<table>\n<tbody>\n<tr>\n<td width=\"92\"><strong>N\u00ba DE<\/strong><\/p>\n<p><strong>SORTEO<\/strong><\/td>\n<td width=\"262\"><strong>\u00a0<\/strong><\/p>\n<p><strong>APELLIDOS Y NOMBRE<\/strong><\/td>\n<td width=\"92\"><strong>CALIFICACIONES 2\u00ba EJERCICIO FASE OPOSICI\u00d3N<\/strong><\/td>\n<\/tr>\n<tr>\n<td width=\"92\">1<\/td>\n<td width=\"262\">HERV\u00c1S G\u00d3MEZ, JOS\u00c9 \u00c1NGEL<\/td>\n<td width=\"92\">6,00<\/td>\n<\/tr>\n<tr>\n<td width=\"92\">2<\/td>\n<td width=\"262\">NAVARRO CASA\u00d1A, EMILIO JOS\u00c9<\/td>\n<td width=\"92\">6,25<\/td>\n<\/tr>\n<\/tbody>\n<\/table>\n<p>&nbsp;<\/p>\n<p>Lo que se hace p\u00fablico para general conocimiento y de los interesados, quienes disponen de un plazo de diez d\u00edas h\u00e1biles, a contar desde el d\u00eda siguiente al de la publicaci\u00f3n de este anuncio en el tabl\u00f3n, para presentar la documentaci\u00f3n acreditativa de los m\u00e9ritos previstos en la Base Sexta, apartado II de la Convocatoria.<\/p>\n<p>Asimismo, se concede un plazo de cinco d\u00edas, para que los aspirantes puedan formular las reclamaciones que estimen pertinentes, en relaci\u00f3n con el contenido de esta publicaci\u00f3n.<\/p>\n<p>Alicante, a la fecha de la firma electr\u00f3nica.<\/p>\n<p>&nbsp;<\/p>\n<table>\n<tbody>\n<tr>\n<td width=\"216\">V\u00ba B\u00ba<\/p>\n<p>LA PRESIDENTA DE LA COMISI\u00d3N T\u00c9CNICA DE VALORACI\u00d3N,<\/p>\n<p>&nbsp;<\/p>\n<p>&nbsp;<\/p>\n<p>&nbsp;<\/p>\n<p>&nbsp;<\/p>\n<p>Fdo.: Virtudes Ferriz Mic\u00f3<\/td>\n<td width=\"216\">&nbsp;<\/p>\n<p>LA SECRETARIA DE LA COMISI\u00d3N T\u00c9CNICA DE VALORACI\u00d3N,<\/p>\n<p>&nbsp;<\/p>\n<p>&nbsp;<\/p>\n<p>&nbsp;<\/p>\n<p>&nbsp;<\/p>\n<p>Fdo.: Amparo Koninckx Frasquet<\/td>\n<\/tr>\n<\/tbody>\n<\/table>\n<p><strong>SPDA, Somos Tu Sindicato<\/strong><\/p>\n<\/div>\n","protected":false},"excerpt":{"rendered":"<p>#plazo #promocion-interna #oficial-mantenimiento #spda #masymejor \u00a0masymejor.es COMISI\u00d3N T\u00c9CNICA DE VALORACI\u00d3N DE LAS PRUEBAS SELECTIVAS CONVOCADAS PARA CUBRIR, POR EL PROCEDIMIENTO DE CONCURSO-OPOSICI\u00d3N, DOS PLAZAS DE ESPECIALISTA DE MANTENIMIENTO, TURNO PROMOCI\u00d3N INTERNA, VACANTES EN LA PLANTILLA DE ESTA EXCMA. DIPUTACI\u00d3N PROVINCIAL DE ALICANTE. ASPIRANTES QUE HAN SUPERADO EL SEGUNDO EJERCICIO, CON INDICACI\u00d3N DE LA PUNTUACI\u00d3N OBTENIDA:<\/p><p><a class=\"more-link btn\" href=\"https:\/\/spda-alicante.com\/wp\/2018\/09\/aspirantes-aprobados-del-segundo-ejercicio-para-la-la-seleccion-de-dos-plazas-de-especialistas-de-mantenimiento-turno-promocion-interna\/\">Seguir leyendo<\/a><\/p>\n","protected":false},"author":1,"featured_media":0,"comment_status":"open","ping_status":"open","sticky":false,"template":"","format":"standard","meta":{"footnotes":""},"categories":[11],"tags":[173,139,209,43,216,132],"class_list":["post-3972","post","type-post","status-publish","format-standard","hentry","category-legislacion-oposiciones","tag-concurso-oposicion","tag-especialista_mtto","tag-listados","tag-mantenimiento","tag-plazos","tag-promocion_interna","item-wrap"],"_links":{"self":[{"href":"https:\/\/spda-alicante.com\/wp\/wp-json\/wp\/v2\/posts\/3972","targetHints":{"allow":["GET"]}}],"collection":[{"href":"https:\/\/spda-alicante.com\/wp\/wp-json\/wp\/v2\/posts"}],"about":[{"href":"https:\/\/spda-alicante.com\/wp\/wp-json\/wp\/v2\/types\/post"}],"author":[{"embeddable":true,"href":"https:\/\/spda-alicante.com\/wp\/wp-json\/wp\/v2\/users\/1"}],"replies":[{"embeddable":true,"href":"https:\/\/spda-alicante.com\/wp\/wp-json\/wp\/v2\/comments?post=3972"}],"version-history":[{"count":2,"href":"https:\/\/spda-alicante.com\/wp\/wp-json\/wp\/v2\/posts\/3972\/revisions"}],"predecessor-version":[{"id":3974,"href":"https:\/\/spda-alicante.com\/wp\/wp-json\/wp\/v2\/posts\/3972\/revisions\/3974"}],"wp:attachment":[{"href":"https:\/\/spda-alicante.com\/wp\/wp-json\/wp\/v2\/media?parent=3972"}],"wp:term":[{"taxonomy":"category","embeddable":true,"href":"https:\/\/spda-alicante.com\/wp\/wp-json\/wp\/v2\/categories?post=3972"},{"taxonomy":"post_tag","embeddable":true,"href":"https:\/\/spda-alicante.com\/wp\/wp-json\/wp\/v2\/tags?post=3972"}],"curies":[{"name":"wp","href":"https:\/\/api.w.org\/{rel}","templated":true}]}}