{"id":3485,"date":"2017-07-24T14:17:55","date_gmt":"2017-07-24T12:17:55","guid":{"rendered":"https:\/\/spda-alicante.com\/wp\/?p=3485"},"modified":"2017-07-25T10:16:02","modified_gmt":"2017-07-25T08:16:02","slug":"aspirante-seleccionado-en-el-procedimiento-contratacion-laboral-temporal-tecnico-medio-de-archivo-audiovisual","status":"publish","type":"post","link":"https:\/\/spda-alicante.com\/wp\/2017\/07\/aspirante-seleccionado-en-el-procedimiento-contratacion-laboral-temporal-tecnico-medio-de-archivo-audiovisual\/","title":{"rendered":"Aspirante seleccionado en el Procedimiento Contrataci\u00f3n Laboral Temporal T\u00e9cnico Medio de  Archivo Audiovisual"},"content":{"rendered":"<p style=\"text-align: right;\"><span style=\"color: #ff0000;\"><span style=\"color: #000000;\">#TMA \u00a0#laboral #plazos\u00a0#ctv #spda \u00a0\u00a0<\/span><\/span><a href=\"http:\/\/www.masymejor.es\"><span style=\"color: #ff0000;\">mas<span style=\"color: #3366ff;\">y<\/span>mejor<span style=\"color: #3366ff;\">.<\/span>es<\/span><\/a><\/p>\n<div>\n<p><img loading=\"lazy\" decoding=\"async\" class=\"alignright size-full wp-image-53\" title=\"oposiciones\" src=\"https:\/\/spda-alicante.com\/wp\/wp-content\/uploads\/2011\/03\/oposiciones.gif\" alt=\"\" width=\"92\" height=\"76\" \/><\/p>\n<p>COMISI\u00d3N T\u00c9CNICA DE VALORACI\u00d3N DEL PROCESO PARA LA SELECCI\u00d3N DE <strong>UN T\u00c9CNICO MEDIO DE ARCHIVO AUDIOVISUAL<\/strong>, CONTRATADO LABORAL TEMPORAL, EN R\u00c9GIMEN DE PR\u00c1CTICAS.<\/p>\n<p><!--more--><\/p>\n<p>Seg\u00fan lo dispuesto en la Base Sexta de las que rigen la convocatoria, <strong>D. ALEJANDRO NU\u00d1EZ \u00c1LVAREZ <\/strong>es el aspirante seleccionado por haber sido el que ha obtenido una mayor puntuaci\u00f3n en el proceso para la contrataci\u00f3n laboral temporal en r\u00e9gimen de pr\u00e1cticas, de un T\u00e9cnico Medio de Archivo Audiovisual.<\/p>\n<p>Lo que se hace p\u00fablico para general conocimiento y del interesado. Asimismo, se concede un plazo de diez d\u00edas h\u00e1biles para que el aspirante seleccionado presente la documentaci\u00f3n establecida en la Base Segunda, a efectos de la formalizaci\u00f3n del contrato.<\/p>\n<p>Alicante, a 21 de julio de 2017.<\/p>\n<p>&nbsp;<\/p>\n<table>\n<tbody>\n<tr>\n<td width=\"216\">V\u00ba B\u00ba<\/p>\n<p>LA PRESIDENTA DE LA COMISI\u00d3N T\u00c9CNICA DE VALORACI\u00d3N,<\/p>\n<p>&nbsp;<\/p>\n<p>&nbsp;<\/p>\n<p>Fdo. Berta Mart\u00ednez Meseguer<\/td>\n<td width=\"216\">&nbsp;<\/p>\n<p>LA SECRETARIA DE LA COMISI\u00d3N T\u00c9CNICA DE VALORACI\u00d3N,<\/p>\n<p>&nbsp;<\/p>\n<p>&nbsp;<\/p>\n<p>Fdo. Amparo Koninckx Frasquet<\/td>\n<\/tr>\n<\/tbody>\n<\/table>\n<p><strong>SPDA, Somos Tu Sindicato<\/strong><\/p>\n<\/div>\n","protected":false},"excerpt":{"rendered":"<p>#TMA \u00a0#laboral #plazos\u00a0#ctv #spda \u00a0\u00a0masymejor.es COMISI\u00d3N T\u00c9CNICA DE VALORACI\u00d3N DEL PROCESO PARA LA SELECCI\u00d3N DE UN T\u00c9CNICO MEDIO DE ARCHIVO AUDIOVISUAL, CONTRATADO LABORAL TEMPORAL, EN R\u00c9GIMEN DE PR\u00c1CTICAS.<\/p><p><a class=\"more-link btn\" href=\"https:\/\/spda-alicante.com\/wp\/2017\/07\/aspirante-seleccionado-en-el-procedimiento-contratacion-laboral-temporal-tecnico-medio-de-archivo-audiovisual\/\">Seguir leyendo<\/a><\/p>\n","protected":false},"author":1,"featured_media":0,"comment_status":"open","ping_status":"open","sticky":false,"template":"","format":"standard","meta":{"footnotes":""},"categories":[11],"tags":[91,209,216,252],"class_list":["post-3485","post","type-post","status-publish","format-standard","hentry","category-legislacion-oposiciones","tag-contratacion","tag-listados","tag-plazos","tag-tma","item-wrap"],"_links":{"self":[{"href":"https:\/\/spda-alicante.com\/wp\/wp-json\/wp\/v2\/posts\/3485","targetHints":{"allow":["GET"]}}],"collection":[{"href":"https:\/\/spda-alicante.com\/wp\/wp-json\/wp\/v2\/posts"}],"about":[{"href":"https:\/\/spda-alicante.com\/wp\/wp-json\/wp\/v2\/types\/post"}],"author":[{"embeddable":true,"href":"https:\/\/spda-alicante.com\/wp\/wp-json\/wp\/v2\/users\/1"}],"replies":[{"embeddable":true,"href":"https:\/\/spda-alicante.com\/wp\/wp-json\/wp\/v2\/comments?post=3485"}],"version-history":[{"count":2,"href":"https:\/\/spda-alicante.com\/wp\/wp-json\/wp\/v2\/posts\/3485\/revisions"}],"predecessor-version":[{"id":3487,"href":"https:\/\/spda-alicante.com\/wp\/wp-json\/wp\/v2\/posts\/3485\/revisions\/3487"}],"wp:attachment":[{"href":"https:\/\/spda-alicante.com\/wp\/wp-json\/wp\/v2\/media?parent=3485"}],"wp:term":[{"taxonomy":"category","embeddable":true,"href":"https:\/\/spda-alicante.com\/wp\/wp-json\/wp\/v2\/categories?post=3485"},{"taxonomy":"post_tag","embeddable":true,"href":"https:\/\/spda-alicante.com\/wp\/wp-json\/wp\/v2\/tags?post=3485"}],"curies":[{"name":"wp","href":"https:\/\/api.w.org\/{rel}","templated":true}]}}