{"id":1536,"date":"2012-07-02T14:06:49","date_gmt":"2012-07-02T12:06:49","guid":{"rendered":"https:\/\/spda-alicante.com\/wp\/?p=1536"},"modified":"2012-07-02T14:06:49","modified_gmt":"2012-07-02T12:06:49","slug":"ayudas-asistenciales-2012","status":"publish","type":"post","link":"https:\/\/spda-alicante.com\/wp\/2012\/07\/ayudas-asistenciales-2012\/","title":{"rendered":"Ayudas Asistenciales 2012"},"content":{"rendered":"<p style=\"text-align: right;\"><a href=\"http:\/\/www.masymejor.es\"><span style=\"color: #ff0000;\">mas<span style=\"color: #3366ff;\">y<\/span>mejor<span style=\"color: #3366ff;\">.<\/span>es<\/span><\/a><\/p>\n<p><img loading=\"lazy\" decoding=\"async\" class=\"alignright size-full wp-image-41\" title=\"ayudas\" src=\"https:\/\/spda-alicante.com\/wp\/wp-content\/uploads\/2011\/03\/accion.gif\" alt=\"\" width=\"130\" height=\"150\" \/>La presente convocatoria tiene por objeto contribuir a sufragar los gastos de los tratamientos odontol\u00f3gicos, oftalmol\u00f3gicos, ortop\u00e9dicos, adquisici\u00f3n de aud\u00edfonos y aparatos de fonaci\u00f3n contemplados en la misma, realizados entre el <strong>01\/10\/2011 y el 30\/09\/2012 <\/strong>y\u00a0 no cubiertos por la Seguridad Social o r\u00e9gimen equivalente, del personal al servicio de esta Corporaci\u00f3n, y c\u00f3nyuge e hijos a cargo del solicitante hasta la edad de 23 a\u00f1os inclusive, as\u00ed como de los pensionistas, en id\u00e9nticos t\u00e9rminos que los del personal en activo.<\/p>\n<p>Haz click <strong><a title=\"Ayudas Asistenciales\" href=\"http:\/\/www.spda-alicante.com\/download\/ayudas\/2012-ayu-asis.zip\" target=\"_blank\">AQU\u00cd<\/a> <\/strong>para\u00a0acceder\u00a0a\u00a0la\u00a0descarga de las bases y el modelo.<\/p>\n<div>\n<div><strong>SPDA, Somos Tu Sindicato.<\/strong><\/div>\n<\/div>\n","protected":false},"excerpt":{"rendered":"<p>masymejor.es La presente convocatoria tiene por objeto contribuir a sufragar los gastos de los tratamientos odontol\u00f3gicos, oftalmol\u00f3gicos, ortop\u00e9dicos, adquisici\u00f3n de aud\u00edfonos y aparatos de fonaci\u00f3n contemplados en la misma, realizados entre el 01\/10\/2011 y el 30\/09\/2012 y\u00a0 no cubiertos por la Seguridad Social o r\u00e9gimen equivalente, del personal al servicio de esta Corporaci\u00f3n, y c\u00f3nyuge &hellip; <\/p>\n<p><a class=\"more-link btn\" href=\"https:\/\/spda-alicante.com\/wp\/2012\/07\/ayudas-asistenciales-2012\/\">Seguir leyendo<\/a><\/p>\n","protected":false},"author":1,"featured_media":0,"comment_status":"open","ping_status":"open","sticky":false,"template":"","format":"standard","meta":{"footnotes":""},"categories":[23],"tags":[61,243],"class_list":["post-1536","post","type-post","status-publish","format-standard","hentry","category-ayudas","tag-asistenciales","tag-ayudas","item-wrap"],"_links":{"self":[{"href":"https:\/\/spda-alicante.com\/wp\/wp-json\/wp\/v2\/posts\/1536","targetHints":{"allow":["GET"]}}],"collection":[{"href":"https:\/\/spda-alicante.com\/wp\/wp-json\/wp\/v2\/posts"}],"about":[{"href":"https:\/\/spda-alicante.com\/wp\/wp-json\/wp\/v2\/types\/post"}],"author":[{"embeddable":true,"href":"https:\/\/spda-alicante.com\/wp\/wp-json\/wp\/v2\/users\/1"}],"replies":[{"embeddable":true,"href":"https:\/\/spda-alicante.com\/wp\/wp-json\/wp\/v2\/comments?post=1536"}],"version-history":[{"count":2,"href":"https:\/\/spda-alicante.com\/wp\/wp-json\/wp\/v2\/posts\/1536\/revisions"}],"predecessor-version":[{"id":1538,"href":"https:\/\/spda-alicante.com\/wp\/wp-json\/wp\/v2\/posts\/1536\/revisions\/1538"}],"wp:attachment":[{"href":"https:\/\/spda-alicante.com\/wp\/wp-json\/wp\/v2\/media?parent=1536"}],"wp:term":[{"taxonomy":"category","embeddable":true,"href":"https:\/\/spda-alicante.com\/wp\/wp-json\/wp\/v2\/categories?post=1536"},{"taxonomy":"post_tag","embeddable":true,"href":"https:\/\/spda-alicante.com\/wp\/wp-json\/wp\/v2\/tags?post=1536"}],"curies":[{"name":"wp","href":"https:\/\/api.w.org\/{rel}","templated":true}]}}